{"id":1935,"date":"2024-04-29T12:11:52","date_gmt":"2024-04-29T10:11:52","guid":{"rendered":"https:\/\/saint-martin-des-champs78.eu\/?p=1935"},"modified":"2024-04-29T12:11:52","modified_gmt":"2024-04-29T10:11:52","slug":"reconnaissance-de-letat-de-catastrophe-naturelle-secheresse-2022","status":"publish","type":"post","link":"https:\/\/saint-martin-des-champs78.eu\/index.php\/2024\/04\/29\/reconnaissance-de-letat-de-catastrophe-naturelle-secheresse-2022\/","title":{"rendered":"Reconnaissance de l&rsquo;\u00e9tat de catastrophe naturelle &#8211; S\u00e9cheresse 2022"},"content":{"rendered":"<p>La Commune de Saint-Martin-des-Champs a \u00e9t\u00e9 reconnue en \u00e9tat de catastrophe naturelle concernant le ph\u00e9nom\u00e8ne de s\u00e9cheresse\/r\u00e9hydratation des sols du 01\/07\/2022 au 30\/09\/2022 par arr\u00eat\u00e9 du 16 avril 2024, portant reconnaissance de l&rsquo;\u00e9tat de catastrophe naturelle (annexe I), paru au Journal Officiel du 27 avril 2024.<\/p>\n<p>En application de l&rsquo;article L. 125-2 du Code de l&rsquo;assurance issu de la loi n\u00b01837 du 28 d\u00e9cembre 2021, les personnes sinistr\u00e9es disposent <strong><u>d&rsquo;un d\u00e9lai de 30 jours \u00e0 compter du lendemain de la date de<\/u><\/strong> <strong><u>la publication de l&rsquo;arr\u00eat\u00e9 pour se d\u00e9clarer \u00e0 leur compagnie d&rsquo;assurance en vue de l&rsquo;indemnisation des dommages, si elles ne s&rsquo;\u00e9taient pas encore d\u00e9clar\u00e9es<\/u><\/strong><strong>. <\/strong><\/p>\n<p>Ce d\u00e9lai de 30 jours est donc sans effet pour les assur\u00e9s qui ont respect\u00e9 les clauses de leur contrat et d\u00e9clar\u00e9 leur sinistre aupr\u00e8s de leur assureur d\u00e8s sa survenue.<\/p>\n<p>Pour consulter l&rsquo;arr\u00eat\u00e9 du 16 avril 2024, cliquez <a href=\"https:\/\/saint-martin-des-champs78.eu\/wp-content\/uploads\/2024\/04\/joe_20240427_0099_0010.pdf\">ici<\/a><\/p>\n","protected":false},"excerpt":{"rendered":"<p>La Commune de Saint-Martin-des-Champs a \u00e9t\u00e9 reconnue en \u00e9tat de catastrophe naturelle concernant le ph\u00e9nom\u00e8ne de s\u00e9cheresse\/r\u00e9hydratation des sols du 01\/07\/2022 au 30\/09\/2022 par arr\u00eat\u00e9 du 16 avril 2024, portant&#8230; <a href=\"https:\/\/saint-martin-des-champs78.eu\/index.php\/2024\/04\/29\/reconnaissance-de-letat-de-catastrophe-naturelle-secheresse-2022\/\">Read more &raquo;<\/a><\/p>\n","protected":false},"author":1,"featured_media":0,"comment_status":"open","ping_status":"open","sticky":false,"template":"","format":"standard","meta":{"footnotes":""},"categories":[3],"tags":[],"class_list":["post-1935","post","type-post","status-publish","format-standard","hentry","category-important"],"_links":{"self":[{"href":"https:\/\/saint-martin-des-champs78.eu\/index.php\/wp-json\/wp\/v2\/posts\/1935","targetHints":{"allow":["GET"]}}],"collection":[{"href":"https:\/\/saint-martin-des-champs78.eu\/index.php\/wp-json\/wp\/v2\/posts"}],"about":[{"href":"https:\/\/saint-martin-des-champs78.eu\/index.php\/wp-json\/wp\/v2\/types\/post"}],"author":[{"embeddable":true,"href":"https:\/\/saint-martin-des-champs78.eu\/index.php\/wp-json\/wp\/v2\/users\/1"}],"replies":[{"embeddable":true,"href":"https:\/\/saint-martin-des-champs78.eu\/index.php\/wp-json\/wp\/v2\/comments?post=1935"}],"version-history":[{"count":2,"href":"https:\/\/saint-martin-des-champs78.eu\/index.php\/wp-json\/wp\/v2\/posts\/1935\/revisions"}],"predecessor-version":[{"id":1937,"href":"https:\/\/saint-martin-des-champs78.eu\/index.php\/wp-json\/wp\/v2\/posts\/1935\/revisions\/1937"}],"wp:attachment":[{"href":"https:\/\/saint-martin-des-champs78.eu\/index.php\/wp-json\/wp\/v2\/media?parent=1935"}],"wp:term":[{"taxonomy":"category","embeddable":true,"href":"https:\/\/saint-martin-des-champs78.eu\/index.php\/wp-json\/wp\/v2\/categories?post=1935"},{"taxonomy":"post_tag","embeddable":true,"href":"https:\/\/saint-martin-des-champs78.eu\/index.php\/wp-json\/wp\/v2\/tags?post=1935"}],"curies":[{"name":"wp","href":"https:\/\/api.w.org\/{rel}","templated":true}]}}